{"id":3669,"date":"2021-06-09T18:31:18","date_gmt":"2021-06-09T16:31:18","guid":{"rendered":"http:\/\/brasil.polardemo.it\/?p=3669"},"modified":"2021-06-22T17:00:37","modified_gmt":"2021-06-22T15:00:37","slug":"cozido-bollito-brasiliano","status":"publish","type":"post","link":"https:\/\/www.saborbrasil.it\/?p=3669","title":{"rendered":"Cozido (Bollito brasiliano)"},"content":{"rendered":"\r\n<p><br \/>Questo piatto \u00e8 arrivato dall\u2019Europa dove ci sono una infinit\u00e0 di preparazioni a lunga cottura a base di carni e verdure, che hanno anche inspirato la \u201cfeijoada\u201d. Il \u201ccozido\u201d per\u00f2 \u00e8 molto pi\u00f9 vicino ai suoi antenati, differenziandosi quasi esclusivamente dall\u2019aggiunta di ingredienti locali, alcuni di sapore molto dolce come la patata americana, la \u201cmandioquinha\u201d e la banana.<\/p>\r\n\r\n\r\n\r\n<p><br \/><strong>Ingredienti<\/strong><br \/>\u2022 500 g di polpa di vitellone<br \/>\u2022 150 g <a href=\"https:\/\/www.saborbrasil.it\/paio-insaccato-di-maiale\/\"><em>paio<\/em><\/a> o salsiccia napoletana<br \/>\u2022 300 g di costine di maiale<br \/>\u2022 2 pomodori maturi<br \/>\u2022 1 cipolla<br \/>\u2022 1 spicchio d\u2019aglio<br \/>\u2022 1 foglia di alloro<br \/>\u2022 1 mazzetto di prezzemolo legato<br \/>\u2022 sale e <a href=\"https:\/\/www.saborbrasil.it\/pimenta-malagueta-peperoncino\/\">peperoncino<\/a><br \/>\u2022 olio di oliva<br \/>\u2022 200 g di patate<br \/>\u2022 200 g di patate americane<br \/>\u2022 150 g di carote<br \/>\u2022 200 g di zucca<br \/>\u2022 200 g di verza<br \/>\u2022 200 g di <a href=\"https:\/\/www.saborbrasil.it\/mandioca-manioca\/\"><em>mandioca<\/em><\/a><br \/>\u2022 200 g di <a href=\"https:\/\/www.saborbrasil.it\/cara-eddoe\/\"><em>car\u00e1<\/em><\/a><br \/>\u2022 200 g di <a href=\"https:\/\/www.saborbrasil.it\/inhame-yam\/\"><em>inhame<\/em><\/a><br \/>\u2022 1 <a href=\"https:\/\/www.saborbrasil.it\/chuchu-chayote\/\"><em>chuchu<\/em><\/a><br \/>\u2022 100 g di <em><a href=\"https:\/\/www.saborbrasil.it\/couve-manteiga-cavolo\/\">couve<\/a><\/em> o cavolo nero<br \/>\u2022 2 <a href=\"https:\/\/www.saborbrasil.it\/banana-da-terra-platano\/\">platano<\/a> o banane tipo &#8220;chiquita&#8221;<\/p>\r\n\r\n\r\n\r\n<p><strong>Procedimento<\/strong><\/p>\r\n\r\n\r\n\r\n<ol class=\"wp-block-list\">\r\n<li>Tritare i pomodori, le cipolle e l\u2019aglio e farli rosolare in una grossa pentola con la polpa di manzo tagliata a pezzi.<\/li>\r\n<li>Coprire la carne con \u00bd litro di acqua calda, aggiungere gli odori e i condimenti e lasciar cuocere a fuoco basso con il coperchio.<\/li>\r\n<li>In un\u2019altra pentola cuocere le verdure tagliate a pezzi grossolani in 1 litro di acqua salata, togliendo man mano i pezzi che sono morbidi e mettendoli da parte.<\/li>\r\n<li>Riunire in un solo pentolone le verdure e le carni, eliminare il prezzemolo e l\u2019alloro.<\/li>\r\n<li>Ritirare il brodo in eccesso per il \u201cpir\u00e3o\u201d.<\/li>\r\n<li>Aggiungere le banane sbucciate e lasciar sobbollire qualche minuto per insaporire il tutto e cuocere le banane.<\/li>\r\n<li>Servire con &#8220;arroz branco&#8221; e \u201cpir\u00e3o\u201d.<\/li>\r\n<\/ol>\r\n\r\n\r\n\r\n<p>Rendimento: 6 -8 porzioni.<\/p>\r\n\r\n\r\n\r\n<p><br \/><em>Data di inserimento : 11 Novembre 2011<\/em><\/p>\r\n","protected":false},"excerpt":{"rendered":"<p>Questo piatto \u00e8 arrivato dall\u2019Europa dove ci sono una infinit\u00e0 di preparazioni a lunga cottura a base di carni e verdure, che hanno anche inspirato la \u201cfeijoada\u201d. Il \u201ccozido\u201d per\u00f2 \u00e8 molto pi\u00f9 vicino ai suoi antenati, differenziandosi quasi esclusivamente dall\u2019aggiunta di ingredienti locali, alcuni&hellip;<\/p>\n","protected":false},"author":2,"featured_media":3640,"comment_status":"closed","ping_status":"closed","sticky":false,"template":"","format":"standard","meta":{"footnotes":""},"categories":[3,7,9],"tags":[],"class_list":["post-3669","post","type-post","status-publish","format-standard","has-post-thumbnail","hentry","category-ricette","category-salati","category-senza-glutine"],"_links":{"self":[{"href":"https:\/\/www.saborbrasil.it\/index.php?rest_route=\/wp\/v2\/posts\/3669","targetHints":{"allow":["GET"]}}],"collection":[{"href":"https:\/\/www.saborbrasil.it\/index.php?rest_route=\/wp\/v2\/posts"}],"about":[{"href":"https:\/\/www.saborbrasil.it\/index.php?rest_route=\/wp\/v2\/types\/post"}],"author":[{"embeddable":true,"href":"https:\/\/www.saborbrasil.it\/index.php?rest_route=\/wp\/v2\/users\/2"}],"replies":[{"embeddable":true,"href":"https:\/\/www.saborbrasil.it\/index.php?rest_route=%2Fwp%2Fv2%2Fcomments&post=3669"}],"version-history":[{"count":3,"href":"https:\/\/www.saborbrasil.it\/index.php?rest_route=\/wp\/v2\/posts\/3669\/revisions"}],"predecessor-version":[{"id":5962,"href":"https:\/\/www.saborbrasil.it\/index.php?rest_route=\/wp\/v2\/posts\/3669\/revisions\/5962"}],"wp:featuredmedia":[{"embeddable":true,"href":"https:\/\/www.saborbrasil.it\/index.php?rest_route=\/wp\/v2\/media\/3640"}],"wp:attachment":[{"href":"https:\/\/www.saborbrasil.it\/index.php?rest_route=%2Fwp%2Fv2%2Fmedia&parent=3669"}],"wp:term":[{"taxonomy":"category","embeddable":true,"href":"https:\/\/www.saborbrasil.it\/index.php?rest_route=%2Fwp%2Fv2%2Fcategories&post=3669"},{"taxonomy":"post_tag","embeddable":true,"href":"https:\/\/www.saborbrasil.it\/index.php?rest_route=%2Fwp%2Fv2%2Ftags&post=3669"}],"curies":[{"name":"wp","href":"https:\/\/api.w.org\/{rel}","templated":true}]}}