{"id":4217,"date":"2021-06-11T16:28:11","date_gmt":"2021-06-11T14:28:11","guid":{"rendered":"http:\/\/brasil.polardemo.it\/?p=4217"},"modified":"2021-06-22T16:50:04","modified_gmt":"2021-06-22T14:50:04","slug":"brejeirices-biscotti-al-cocco","status":"publish","type":"post","link":"https:\/\/www.saborbrasil.it\/?p=4217","title":{"rendered":"Brejeirices (Biscotti al cocco)"},"content":{"rendered":"\r\n<p><br \/>\u201cBrejeirice\u201d deriva da \u201cbrejeiro\u201d che vuol dire monello, malizioso, ed \u00e8 un morbido biscottino al cocco.<br \/>Ottimo per la merenda e per il t\u00e8, \u00e8 una preparazione casalinga semplice e veloce da fare, che si conserva a lungo in contenitore chiuso.<\/p>\r\n\r\n\r\n\r\n<p><br \/><strong>Ingredienti<\/strong><br \/>\u2022 250 g di burro<br \/>\u2022 3 tuorli<br \/>\u2022 400 g di <a href=\"https:\/\/www.saborbrasil.it\/leite-condensado-latte-concentrato-zuccherato\/\">latte concentrato zuccherato<\/a> (1 lattina)<br \/>\u2022 150 g di <a href=\"https:\/\/www.saborbrasil.it\/coco-cocco\/\">cocco grattugiato secco<\/a><br \/>\u2022 500 g di farina 00, all&#8217;incirca<br \/>\u2022 \u00bd bustina di lievito vanigliato<br \/>\u2022 zucchero semolato per rifinire<\/p>\r\n\r\n\r\n\r\n<p><strong>Procedimento<\/strong><\/p>\r\n\r\n\r\n\r\n<ol class=\"wp-block-list\">\r\n<li>Montare il burro e i tuorli con la frusta elettrica e poi amalgamare gli altri ingredienti lavorando bene con le mani. \u00c8 un impasto con la consistenza della pasta frolla.<\/li>\r\n<li>Formare cordoni con l\u2019impasto, tagliare piccoli gnocchi e modellare palline di 2 cm di diametro.<\/li>\r\n<li>Passare i biscotti nello zucchero semolato, sistemarli su una teglia imburrata o foderata con carta da forno e segnare le palline premendo leggermente con i denti della forchetta.<\/li>\r\n<li>Cuocere in forno a 200\u00b0C per circa 15 minuti. Devono dorare soltanto alla base, come la pasta frolla, per non diventar secchi.<\/li>\r\n<\/ol>\r\n\r\n\r\n\r\n<p>Rendimento: 96 &#8220;brejeirices&#8221;.<\/p>\r\n\r\n\r\n\r\n<p><em><br \/>Data di inserimento : 11 Novembre 2011<\/em><\/p>\r\n","protected":false},"excerpt":{"rendered":"<p>\u201cBrejeirice\u201d deriva da \u201cbrejeiro\u201d che vuol dire monello, malizioso, ed \u00e8 un morbido biscottino al cocco.Ottimo per la merenda e per il t\u00e8, \u00e8 una preparazione casalinga semplice e veloce da fare, che si conserva a lungo in contenitore chiuso. Ingredienti\u2022 250 g di burro\u2022&hellip;<\/p>\n","protected":false},"author":2,"featured_media":4378,"comment_status":"closed","ping_status":"closed","sticky":false,"template":"","format":"standard","meta":{"footnotes":""},"categories":[8,31,3],"tags":[],"class_list":["post-4217","post","type-post","status-publish","format-standard","has-post-thumbnail","hentry","category-dolci","category-il-latte-condensato","category-ricette"],"_links":{"self":[{"href":"https:\/\/www.saborbrasil.it\/index.php?rest_route=\/wp\/v2\/posts\/4217","targetHints":{"allow":["GET"]}}],"collection":[{"href":"https:\/\/www.saborbrasil.it\/index.php?rest_route=\/wp\/v2\/posts"}],"about":[{"href":"https:\/\/www.saborbrasil.it\/index.php?rest_route=\/wp\/v2\/types\/post"}],"author":[{"embeddable":true,"href":"https:\/\/www.saborbrasil.it\/index.php?rest_route=\/wp\/v2\/users\/2"}],"replies":[{"embeddable":true,"href":"https:\/\/www.saborbrasil.it\/index.php?rest_route=%2Fwp%2Fv2%2Fcomments&post=4217"}],"version-history":[{"count":4,"href":"https:\/\/www.saborbrasil.it\/index.php?rest_route=\/wp\/v2\/posts\/4217\/revisions"}],"predecessor-version":[{"id":5944,"href":"https:\/\/www.saborbrasil.it\/index.php?rest_route=\/wp\/v2\/posts\/4217\/revisions\/5944"}],"wp:featuredmedia":[{"embeddable":true,"href":"https:\/\/www.saborbrasil.it\/index.php?rest_route=\/wp\/v2\/media\/4378"}],"wp:attachment":[{"href":"https:\/\/www.saborbrasil.it\/index.php?rest_route=%2Fwp%2Fv2%2Fmedia&parent=4217"}],"wp:term":[{"taxonomy":"category","embeddable":true,"href":"https:\/\/www.saborbrasil.it\/index.php?rest_route=%2Fwp%2Fv2%2Fcategories&post=4217"},{"taxonomy":"post_tag","embeddable":true,"href":"https:\/\/www.saborbrasil.it\/index.php?rest_route=%2Fwp%2Fv2%2Ftags&post=4217"}],"curies":[{"name":"wp","href":"https:\/\/api.w.org\/{rel}","templated":true}]}}