{"id":4923,"date":"2021-06-14T17:30:27","date_gmt":"2021-06-14T15:30:27","guid":{"rendered":"http:\/\/brasil.polardemo.it\/?p=4923"},"modified":"2021-06-22T16:24:57","modified_gmt":"2021-06-22T14:24:57","slug":"baiao-de-dois-riso-e-fagioli-cotti-insieme","status":"publish","type":"post","link":"https:\/\/www.saborbrasil.it\/?p=4923","title":{"rendered":"Bai\u00e3o de dois (Riso e fagioli cotti insieme)"},"content":{"rendered":"\r\n<p><strong><a href=\"https:\/\/youtu.be\/x_VbNJ8BYrc\" target=\"_blank\" rel=\"noopener\">GUARDA IL VIDEO PER IMPARARE COME SI PREPARA IL BAI\u00c3O DE DOIS<\/a><\/strong><\/p>\r\n\r\n\r\n\r\n<p><br \/>Bai\u00e3o de dois \u00e8 un piatto tipico del Nordest brasiliano.<\/p>\r\n\r\n\r\n\r\n<p><br \/><strong>Ingredienti<\/strong><br \/>\u2022 250 g di<a href=\"https:\/\/www.saborbrasil.it\/feijao-fagioli\/\"> fagioli<\/a> con l&#8217;occhio<br \/>\u2022 1 foglia di alloro<br \/>\u2022 200 g di <a href=\"https:\/\/www.saborbrasil.it\/rroz-riso\/\">riso tipo basmati<\/a> o parboiled<br \/>\u2022 50 g di pancetta affumicata tagliata a dadini<br \/>\u2022 150 g di <a href=\"https:\/\/www.saborbrasil.it\/carne-seca-carne-essiccata\/\">carne salata essiccata<\/a><br \/>\u2022 100 g di salsiccia affumicata tagliata a piccoli pezzi<br \/>\u2022 1 cipolla tritata<br \/>\u2022 2 cipollotti verdi tritati<br \/>\u2022 2 cucchiaini di aglio schiacciato<br \/>\u2022 1 peperoncino tritato<br \/>\u2022 2 di cucchiai di <a href=\"https:\/\/www.saborbrasil.it\/manteiga-de-garrafa-burro-imbottigliato\/\">burro chiarificato<\/a><br \/>\u2022 1 pomodoro rosso a dadini<br \/>\u2022 \u00bd peperone a dadini (facoltativo)<br \/>\u2022 2 cucchiai di <a href=\"https:\/\/www.saborbrasil.it\/coentro-coriandolo\/\">coriandolo<\/a> fresco tritato<br \/>\u2022 150 g di <em><a href=\"https:\/\/www.saborbrasil.it\/queijo-de-coalho-formaggio-del-nord-est\/\">queijo de coalho<\/a><\/em>\u00a0o formaggio primo sale a dadini<\/p>\r\n\r\n\r\n\r\n<p><strong>Procedimento<\/strong><br \/>Guarda il video per imparare come si prepara il <em>bai\u00e3o de dois<\/em>.<\/p>\r\n\r\n\r\n\r\n<p><br \/><em>Data di inserimento : 14 Febbraio 2016<\/em><\/p>\r\n","protected":false},"excerpt":{"rendered":"<p>GUARDA IL VIDEO PER IMPARARE COME SI PREPARA IL BAI\u00c3O DE DOIS Bai\u00e3o de dois \u00e8 un piatto tipico del Nordest brasiliano. Ingredienti\u2022 250 g di fagioli con l&#8217;occhio\u2022 1 foglia di alloro\u2022 200 g di riso tipo basmati o parboiled\u2022 50 g di pancetta&hellip;<\/p>\n","protected":false},"author":2,"featured_media":4891,"comment_status":"closed","ping_status":"closed","sticky":false,"template":"","format":"standard","meta":{"footnotes":""},"categories":[3,7,9],"tags":[],"class_list":["post-4923","post","type-post","status-publish","format-standard","has-post-thumbnail","hentry","category-ricette","category-salati","category-senza-glutine"],"_links":{"self":[{"href":"https:\/\/www.saborbrasil.it\/index.php?rest_route=\/wp\/v2\/posts\/4923","targetHints":{"allow":["GET"]}}],"collection":[{"href":"https:\/\/www.saborbrasil.it\/index.php?rest_route=\/wp\/v2\/posts"}],"about":[{"href":"https:\/\/www.saborbrasil.it\/index.php?rest_route=\/wp\/v2\/types\/post"}],"author":[{"embeddable":true,"href":"https:\/\/www.saborbrasil.it\/index.php?rest_route=\/wp\/v2\/users\/2"}],"replies":[{"embeddable":true,"href":"https:\/\/www.saborbrasil.it\/index.php?rest_route=%2Fwp%2Fv2%2Fcomments&post=4923"}],"version-history":[{"count":4,"href":"https:\/\/www.saborbrasil.it\/index.php?rest_route=\/wp\/v2\/posts\/4923\/revisions"}],"predecessor-version":[{"id":5902,"href":"https:\/\/www.saborbrasil.it\/index.php?rest_route=\/wp\/v2\/posts\/4923\/revisions\/5902"}],"wp:featuredmedia":[{"embeddable":true,"href":"https:\/\/www.saborbrasil.it\/index.php?rest_route=\/wp\/v2\/media\/4891"}],"wp:attachment":[{"href":"https:\/\/www.saborbrasil.it\/index.php?rest_route=%2Fwp%2Fv2%2Fmedia&parent=4923"}],"wp:term":[{"taxonomy":"category","embeddable":true,"href":"https:\/\/www.saborbrasil.it\/index.php?rest_route=%2Fwp%2Fv2%2Fcategories&post=4923"},{"taxonomy":"post_tag","embeddable":true,"href":"https:\/\/www.saborbrasil.it\/index.php?rest_route=%2Fwp%2Fv2%2Ftags&post=4923"}],"curies":[{"name":"wp","href":"https:\/\/api.w.org\/{rel}","templated":true}]}}