{"id":799,"date":"2021-06-03T15:30:39","date_gmt":"2021-06-03T13:30:39","guid":{"rendered":"http:\/\/brasil.polardemo.it\/?p=799"},"modified":"2023-01-09T06:28:32","modified_gmt":"2023-01-09T05:28:32","slug":"mandioca-manioca","status":"publish","type":"post","link":"https:\/\/www.saborbrasil.it\/?p=799","title":{"rendered":"Mandioca\u00a0(Manioca)"},"content":{"rendered":"<div class=\"texttop\">\n<div>La <em><strong>mandioca<\/strong><\/em>\u00a0(<em>Manihot utilissima<\/em>), <strong><em>macaxeira<\/em><\/strong>\u00a0oppure <strong><em>aipim<\/em><\/strong>, \u00e8 una radice nativa della regione Amazzonica, diffusa poi in tutto il mondo.<br \/>\nLa <em><strong>mandioca<\/strong><\/em> ha un alto valore energetico, \u00e8 ricca di fecola e sali minerali ed era la base della alimentazione degli <em>\u00edndios<\/em>\u00a0prima dell&#8217;arrivo dei colonizzatori. \u00c8 tuttora la base della alimentazione della popolazione del nord e nordest del Brasile, con un grande potenziale economico non del tutto sfruttato. Lu\u00eds da C\u00e2mara Cascudo, grande storico e autore di &#8220;A Hist\u00f3ria da Alimenta\u00e7\u00e3o no Brasil&#8221;, ha sopranominato la manioca come il &#8220;p\u00e3o da terra&#8221; (pane della terra) perch\u00e9 di questa radice tutto viene utilizzato, non solo nella alimentazione umana e animale ma come materia prima per prodotti artigianali e industriali.<br \/>\nCon i derivati alimentari della <em><strong>mandioca<\/strong><\/em> &#8211; farine,\u00a0fecola<u>,<\/u>\u00a0tapioca in granuli\u00a0e\u00a0perle di tapioca &#8211; si preparano una infinit\u00e0 di piatti, il <em>cauim<\/em>, la bevanda fermentata preparata dagli\u00a0<em>\u00edndios<\/em>, e distillati come la <em>tiquira<\/em>\u00a0(acquavite di manioca).<br \/>\nEsistono diverse variet\u00e0 di manioca per forma e dimensione. In Italia arriva una ottima <em><strong>mandioca<\/strong><\/em> che, a differenza della brasiliana, \u00e8 rivestita da un sottile velo di paraffina. Al momento dell&#8217;acquisto deve essere molto dura, va conservata a temperatura ambiente, protetta dalla luce e consumata rapidamente entro pochi giorni. \u00c8 preferibile la <em><strong>mandioca<\/strong><\/em> piccola e sottile (circa 500 g l&#8217;una), che cuoce pi\u00f9 velocemente.<br \/>\nPer pulire la <em><strong>mandioca<\/strong><\/em> &#8211; GUARDA IL VISEO SOTTO &#8211; bisogna tagliare le estremit\u00e0 e poi dividerla a tronchetti di 5 &#8211; 6 cm. Su ogni tronchetto incidere per il lungo e staccare, con l&#8217;aiuto del coltello, rimuovere la pellicina nera sottile e la corteccia bianca spessa circa 2 mm. La polpa \u00e8 molto bianca e va lavata e poi cotta in acqua bollente salata. Se la <em><strong>mandioca<\/strong><\/em> \u00e8 fresca ci vogliono da 15 a 30 minuti per la cottura e la polpa diventa leggermente color crema. La <em><strong>mandioca<\/strong><\/em> cotta va privata del &#8220;cordone&#8221; fibroso centrale che non \u00e8 commestibile ed \u00e8 gi\u00e0 buona cos\u00ec, mangiata tiepida con un po&#8217; di burro come si usa fare con il<em> inhame<\/em>\u00a0per collazione, nel nord e nordest del Brasile. Ma, si pu\u00f2 fare anche fritta, preparata come pur\u00e8 e croquette o utilizzata in preparazioni in umido, insieme e come sostituta alle patate. Il brodo di cottura \u00e8 ottimo per la pappa dei bambini o per addensare minestre.<br \/>\n<a><br \/>\n<span style=\"font-size: small;\">Fonti:<br \/>\n\u2022 Revista Globo Rural<br \/>\n\u2022 Comendo bem wordpress<\/span><\/a><\/div>\n<\/div>\n<div class=\"middle\">\n<div class=\"bigImage\">\n<div><\/div>\n<p><iframe loading=\"lazy\" title=\"Come cucinare la manioca\" width=\"1200\" height=\"900\" src=\"https:\/\/www.youtube.com\/embed\/PkIYz5xaQVc?feature=oembed\" frameborder=\"0\" allow=\"accelerometer; autoplay; clipboard-write; encrypted-media; gyroscope; picture-in-picture; web-share\" allowfullscreen><\/iframe><\/p>\n<h4 class=\"video_on_image\">Ricette<\/h4>\n<\/div>\n<div class=\"ricetteIngredienti\">\n<p><a href=\"https:\/\/www.saborbrasil.it\/bobo-de-camarao-gamberi-in-salsa-di-manioca\/\">Bob\u00f3 de camar\u00e3o (Gamberi in salsa di manioca)<\/a><br \/>\n<a href=\"https:\/\/www.saborbrasil.it\/bolo-de-aipim-torta-di-manioca\/\">Bolo de aipim (Torta di manioca)<\/a><br \/>\n<a href=\"https:\/\/www.saborbrasil.it\/cozido-bollito-brasiliano\/\">Cozido (Bollito brasiliano)<\/a><br \/>\n<a href=\"https:\/\/www.saborbrasil.it\/mandioca-frita-manioca-fritta\/\">Mandioca frita (Manioca fritta)<\/a><br \/>\n<a href=\"https:\/\/www.saborbrasil.it\/pao-de-mandioca-pane-di-manioca\/\">P\u00e3o de mandioca (Pane di manioca)<\/a><br \/>\n<a href=\"https:\/\/www.saborbrasil.it\/vaca-atolada-biancostato-con-manioca\/\">Vaca atolada (Biancostato con manioca)<\/a><\/p>\n<\/div>\n<\/div>\n","protected":false},"excerpt":{"rendered":"<p>La mandioca\u00a0(Manihot utilissima), macaxeira\u00a0oppure aipim, \u00e8 una radice nativa della regione Amazzonica, diffusa poi in tutto il mondo. La mandioca ha un alto valore energetico, \u00e8 ricca di fecola e sali minerali ed era la base della alimentazione degli \u00edndios\u00a0prima dell&#8217;arrivo dei colonizzatori. \u00c8 tuttora&hellip;<\/p>\n","protected":false},"author":2,"featured_media":801,"comment_status":"closed","ping_status":"closed","sticky":false,"template":"","format":"standard","meta":{"footnotes":""},"categories":[33],"tags":[],"class_list":["post-799","post","type-post","status-publish","format-standard","has-post-thumbnail","hentry","category-ingredienti"],"_links":{"self":[{"href":"https:\/\/www.saborbrasil.it\/index.php?rest_route=\/wp\/v2\/posts\/799","targetHints":{"allow":["GET"]}}],"collection":[{"href":"https:\/\/www.saborbrasil.it\/index.php?rest_route=\/wp\/v2\/posts"}],"about":[{"href":"https:\/\/www.saborbrasil.it\/index.php?rest_route=\/wp\/v2\/types\/post"}],"author":[{"embeddable":true,"href":"https:\/\/www.saborbrasil.it\/index.php?rest_route=\/wp\/v2\/users\/2"}],"replies":[{"embeddable":true,"href":"https:\/\/www.saborbrasil.it\/index.php?rest_route=%2Fwp%2Fv2%2Fcomments&post=799"}],"version-history":[{"count":6,"href":"https:\/\/www.saborbrasil.it\/index.php?rest_route=\/wp\/v2\/posts\/799\/revisions"}],"predecessor-version":[{"id":6290,"href":"https:\/\/www.saborbrasil.it\/index.php?rest_route=\/wp\/v2\/posts\/799\/revisions\/6290"}],"wp:featuredmedia":[{"embeddable":true,"href":"https:\/\/www.saborbrasil.it\/index.php?rest_route=\/wp\/v2\/media\/801"}],"wp:attachment":[{"href":"https:\/\/www.saborbrasil.it\/index.php?rest_route=%2Fwp%2Fv2%2Fmedia&parent=799"}],"wp:term":[{"taxonomy":"category","embeddable":true,"href":"https:\/\/www.saborbrasil.it\/index.php?rest_route=%2Fwp%2Fv2%2Fcategories&post=799"},{"taxonomy":"post_tag","embeddable":true,"href":"https:\/\/www.saborbrasil.it\/index.php?rest_route=%2Fwp%2Fv2%2Ftags&post=799"}],"curies":[{"name":"wp","href":"https:\/\/api.w.org\/{rel}","templated":true}]}}